{"id":3676,"date":"2019-09-17T13:56:21","date_gmt":"2019-09-17T11:56:21","guid":{"rendered":"https:\/\/a3space.org\/?p=3676"},"modified":"2019-09-17T20:59:33","modified_gmt":"2019-09-17T18:59:33","slug":"adria-space-conference-2019","status":"publish","type":"post","link":"https:\/\/staging.a3space.org\/?p=3676","title":{"rendered":"Adria Space Conference 2019"},"content":{"rendered":"<p><\/p>\n<h2 style=\"text-align: justify;\">We are pleased to announce the 1st Adria Space Conference 2019 that is going to be held in Zagreb, Croatia on October 4th 2019.<\/h2>\n<p style=\"text-align: justify;\"><strong>Adria Space Conference 2019<\/strong><\/p>\n<p style=\"text-align: justify;\"><strong>Regional Cooperation on SpaceTechnology<\/strong><\/p>\n<p style=\"text-align: justify;\">Organizer:<br \/>\nAdriatic Aerospace Association (A3)<br \/>\n<a href=\"https:\/\/www.irb.hr\/eng\" target=\"_blank\" rel=\"noopener\">Ru\u0111er Bo\u0161kovi\u0107 Institute<\/a><br \/>\n<a href=\"http:\/\/www.unizd.hr\/eng\/\" target=\"_blank\" rel=\"noopener\">University of Zadar<\/a><\/p>\n<p>Sponsored by:<br \/>\n<a href=\"https:\/\/www.mingo.hr\/en\" target=\"_blank\" rel=\"noopener\">The\u00a0Ministry of Economy,\u00a0Entrepreneurship and Crafts\u00a0of the Republic of Croatia<\/a><\/p>\n<p style=\"text-align: justify;\"><span style=\"font-size: 1rem;\">Chair: Slobodan Bosanac Ph.D., President of the A3<\/span><\/p>\n<p style=\"text-align: justify;\">Adriatic Aerospace Conference is the organizer of the first regional meeting devoted to collaboration in space technologies. The goal of the Conference is to stimulate and strengthen the regional cooperation in research and development of advanced technologies, mainly used in space activities. The profile of the Conference is one-day meeting, where all participants will briefly report on their current activities and future programs. This should give push for further common developments in the field of nano-satellite technologies like construction, functions, propulsion, communication, attitude control, and similar. It is intended that the conference acquires annual character as a gathering of participants in space research and development in SE Europe.<\/p>\n<p>More information on <a href=\"http:\/\/acsst.irb.hr\/index.html\" target=\"_blank\" rel=\"noopener\">web page of the Conference<\/a>.<\/p>\n<p>Organizing Committee:<\/p>\n<p style=\"text-align: justify;\">S. Bosanac, Ph.D., Adriatic Aerospace Association<br \/>\nM.Ivanda, Ph.D., Ru\u0111er Bo\u0161kovi\u0107 Institute<br \/>\nI. Jaki\u0107, CEO, IJEX GmbH<br \/>\nD. Ko\u010di\u0161, Adriatic Aerospace Association, World Space Week Croatia<br \/>\nI. Ljubi\u0107, Ph.D., Ru\u0111er Bo\u0161kovi\u0107 Institute<br \/>\nG. Verbanec, Ph.D., University of Zagreb,\u00a0Faculty of Science,<br \/>\nH. Zorc, Ph.D., Adriatic Aerospace Association<br \/>\nS. Petrovi\u0107,<br \/>\nD. Ramljak, Ph.D., Senior Science and Innovation Expert The World Bank<\/p>\n<p><\/p>","protected":false},"excerpt":{"rendered":"<p>We are pleased to announce the 1st Adria Space Conference 2019 that is going to be held in Zagreb, Croatia on October 4th 2019. Adria Space Conference 2019 Regional Cooperation on SpaceTechnology Organizer: Adriatic Aerospace Association (A3) Ru\u0111er Bo\u0161kovi\u0107 Institute University of Zadar Sponsored by: The\u00a0Ministry of Economy,\u00a0Entrepreneurship and Crafts\u00a0of the Republic of Croatia Chair: &hellip; <\/p>\n<p class=\"link-more\"><a href=\"https:\/\/staging.a3space.org\/?p=3676\" class=\"more-link\">Continue reading<span class=\"screen-reader-text\"> &#8220;Adria Space Conference 2019&#8221;<\/span><\/a><\/p>\n","protected":false},"author":7,"featured_media":3829,"comment_status":"closed","ping_status":"closed","sticky":false,"template":"","format":"standard","meta":[],"categories":[380,197,14,150],"tags":[383,381,183,184,382,174,337],"_links":{"self":[{"href":"https:\/\/staging.a3space.org\/index.php?rest_route=\/wp\/v2\/posts\/3676"}],"collection":[{"href":"https:\/\/staging.a3space.org\/index.php?rest_route=\/wp\/v2\/posts"}],"about":[{"href":"https:\/\/staging.a3space.org\/index.php?rest_route=\/wp\/v2\/types\/post"}],"author":[{"embeddable":true,"href":"https:\/\/staging.a3space.org\/index.php?rest_route=\/wp\/v2\/users\/7"}],"replies":[{"embeddable":true,"href":"https:\/\/staging.a3space.org\/index.php?rest_route=%2Fwp%2Fv2%2Fcomments&post=3676"}],"version-history":[{"count":19,"href":"https:\/\/staging.a3space.org\/index.php?rest_route=\/wp\/v2\/posts\/3676\/revisions"}],"predecessor-version":[{"id":4016,"href":"https:\/\/staging.a3space.org\/index.php?rest_route=\/wp\/v2\/posts\/3676\/revisions\/4016"}],"wp:featuredmedia":[{"embeddable":true,"href":"https:\/\/staging.a3space.org\/index.php?rest_route=\/wp\/v2\/media\/3829"}],"wp:attachment":[{"href":"https:\/\/staging.a3space.org\/index.php?rest_route=%2Fwp%2Fv2%2Fmedia&parent=3676"}],"wp:term":[{"taxonomy":"category","embeddable":true,"href":"https:\/\/staging.a3space.org\/index.php?rest_route=%2Fwp%2Fv2%2Fcategories&post=3676"},{"taxonomy":"post_tag","embeddable":true,"href":"https:\/\/staging.a3space.org\/index.php?rest_route=%2Fwp%2Fv2%2Ftags&post=3676"}],"curies":[{"name":"wp","href":"https:\/\/api.w.org\/{rel}","templated":true}]}}